{"id":302,"date":"2018-02-01T19:20:10","date_gmt":"2018-02-01T22:20:10","guid":{"rendered":"https:\/\/www.pablogarreton.com\/?p=302"},"modified":"2020-02-02T21:15:15","modified_gmt":"2020-02-03T00:15:15","slug":"xdefault-2","status":"publish","type":"post","link":"https:\/\/www.pablogarreton.com\/?p=302","title":{"rendered":"Xdefault &#8211; Interactive Installation"},"content":{"rendered":"<div class=\"nv-iframe-embed\"><iframe loading=\"lazy\" title=\"DEFAULT - Interactive Installation\" width=\"1200\" height=\"675\" src=\"https:\/\/www.youtube.com\/embed\/yU2pdrsqckI?feature=oembed\" frameborder=\"0\" allow=\"accelerometer; autoplay; encrypted-media; gyroscope; picture-in-picture\" allowfullscreen><\/iframe><\/div>\n<p class=\"first\">Mind wandering is an event that seems so natural but so surprising and enigmatic when you pay attention to it. The poetics underlying this phenomenon is addressed in DEFAULT by Manuela Garret\u00f3n -designer- and Tom\u00e1s Ossand\u00f3n -cognitive neuroscientist- and a diverse collaboration team. The result is an interactive installation that explores the dynamics of consciousness and memory by visualizing fMRI data. In this way, Sala Anilla in the Museum of Contemporary Art (Santiago, Chile) transforms into a brain which instead of showing its response to external stimuli, it focuses on that deceptive pleasure responsible for the greater mind lucidity.<\/p>\n<p>Alejandra Burotto | Anilla MAC Curator<\/p>\n<p>Manuela Garret\u00f3n<\/p>\n<p>Principal Investigator<\/p>\n<p>+<\/p>\n<p>Tomas Ossand\u00f3n<\/p>\n<p>Principal Co-Investigator<\/p>\n<p>+<\/p>\n<p>Karina Hyland<\/p>\n<p>Design research assistant<\/p>\n<p>+<\/p>\n<p>Pablo Garret\u00f3n<\/p>\n<p>Music composition &amp; Sound design<\/p>\n<p>+<\/p>\n<p>Roy Macdonald<\/p>\n<p>Visualization coding<\/p>\n<p>+<\/p>\n<p>Benjam\u00edn Benavides<\/p>\n<p>Interaction coding and implementation<\/p>\n<p>+<\/p>\n<p>Esteban Sandoval<\/p>\n<p>Interaction coding and implementation<\/p>\n<p>+<\/p>\n<p>Paulina Vasconcelo<\/p>\n<p>Design student intern<\/p>\n","protected":false},"excerpt":{"rendered":"<p>Mind wandering is an event that seems so natural but so surprising and enigmatic when you pay attention to it. The poetics underlying this phenomenon is addressed in DEFAULT by Manuela Garret\u00f3n -designer- and Tom\u00e1s Ossand\u00f3n -cognitive neuroscientist- and a diverse collaboration team. The result is an interactive installation that explores the dynamics of consciousness&hellip;&nbsp;<a href=\"https:\/\/www.pablogarreton.com\/?p=302\" class=\"\" rel=\"bookmark\">Read More &raquo;<span class=\"screen-reader-text\">Xdefault &#8211; Interactive Installation<\/span><\/a><\/p>\n","protected":false},"author":1,"featured_media":529,"comment_status":"closed","ping_status":"closed","sticky":false,"template":"","format":"standard","meta":[],"categories":[9],"tags":[],"_links":{"self":[{"href":"https:\/\/www.pablogarreton.com\/index.php?rest_route=\/wp\/v2\/posts\/302"}],"collection":[{"href":"https:\/\/www.pablogarreton.com\/index.php?rest_route=\/wp\/v2\/posts"}],"about":[{"href":"https:\/\/www.pablogarreton.com\/index.php?rest_route=\/wp\/v2\/types\/post"}],"author":[{"embeddable":true,"href":"https:\/\/www.pablogarreton.com\/index.php?rest_route=\/wp\/v2\/users\/1"}],"replies":[{"embeddable":true,"href":"https:\/\/www.pablogarreton.com\/index.php?rest_route=%2Fwp%2Fv2%2Fcomments&post=302"}],"version-history":[{"count":5,"href":"https:\/\/www.pablogarreton.com\/index.php?rest_route=\/wp\/v2\/posts\/302\/revisions"}],"predecessor-version":[{"id":530,"href":"https:\/\/www.pablogarreton.com\/index.php?rest_route=\/wp\/v2\/posts\/302\/revisions\/530"}],"wp:featuredmedia":[{"embeddable":true,"href":"https:\/\/www.pablogarreton.com\/index.php?rest_route=\/wp\/v2\/media\/529"}],"wp:attachment":[{"href":"https:\/\/www.pablogarreton.com\/index.php?rest_route=%2Fwp%2Fv2%2Fmedia&parent=302"}],"wp:term":[{"taxonomy":"category","embeddable":true,"href":"https:\/\/www.pablogarreton.com\/index.php?rest_route=%2Fwp%2Fv2%2Fcategories&post=302"},{"taxonomy":"post_tag","embeddable":true,"href":"https:\/\/www.pablogarreton.com\/index.php?rest_route=%2Fwp%2Fv2%2Ftags&post=302"}],"curies":[{"name":"wp","href":"https:\/\/api.w.org\/{rel}","templated":true}]}}