{"id":184,"date":"2015-10-08T12:47:12","date_gmt":"2015-10-08T15:47:12","guid":{"rendered":"https:\/\/www.pablogarreton.com\/?p=184"},"modified":"2020-02-02T22:31:18","modified_gmt":"2020-02-03T01:31:18","slug":"vida-de-las-mascaras-plataforma-internacional-de-teatro-musical-goethe-institut-buenos-aires","status":"publish","type":"post","link":"https:\/\/www.pablogarreton.com\/?p=184","title":{"rendered":"Vida de las ma\u0301scaras &#8211; Plataforma Internacional de teatro musical Goethe Institut. Buenos Aires"},"content":{"rendered":"\t\t<div data-elementor-type=\"wp-post\" data-elementor-id=\"184\" class=\"elementor elementor-184\">\n\t\t\t\t\t\t<div class=\"elementor-inner\">\n\t\t\t\t<div class=\"elementor-section-wrap\">\n\t\t\t\t\t\t\t\t\t<section class=\"elementor-section elementor-top-section elementor-element elementor-element-0291c26 elementor-section-boxed elementor-section-height-default elementor-section-height-default\" data-id=\"0291c26\" data-element_type=\"section\">\n\t\t\t\t\t\t<div class=\"elementor-container elementor-column-gap-default\">\n\t\t\t\t\t\t\t<div class=\"elementor-row\">\n\t\t\t\t\t<div class=\"elementor-column elementor-col-50 elementor-top-column elementor-element elementor-element-f3d2012\" data-id=\"f3d2012\" data-element_type=\"column\">\n\t\t\t<div class=\"elementor-column-wrap elementor-element-populated\">\n\t\t\t\t\t\t\t<div class=\"elementor-widget-wrap\">\n\t\t\t\t\t\t<div class=\"elementor-element elementor-element-c57c545 elementor-aspect-ratio-169 elementor-widget elementor-widget-video\" data-id=\"c57c545\" data-element_type=\"widget\" data-settings=\"{&quot;video_type&quot;:&quot;vimeo&quot;,&quot;aspect_ratio&quot;:&quot;169&quot;}\" data-widget_type=\"video.default\">\n\t\t\t\t<div class=\"elementor-widget-container\">\n\t\t\t\t\t<div class=\"elementor-wrapper elementor-fit-aspect-ratio elementor-open-inline\">\n\t\t\t<iframe class=\"elementor-video-iframe\" allowfullscreen title=\"vimeo Video Player\" src=\"https:\/\/player.vimeo.com\/video\/162310215?color&amp;autopause=0&amp;loop=0&amp;muted=0&amp;title=0&amp;portrait=0&amp;byline=0#t=\"><\/iframe>\t\t<\/div>\n\t\t\t\t<\/div>\n\t\t\t\t<\/div>\n\t\t\t\t\t\t<\/div>\n\t\t\t\t\t<\/div>\n\t\t<\/div>\n\t\t\t\t<div class=\"elementor-column elementor-col-50 elementor-top-column elementor-element elementor-element-2ce2c9f\" data-id=\"2ce2c9f\" data-element_type=\"column\">\n\t\t\t<div class=\"elementor-column-wrap elementor-element-populated\">\n\t\t\t\t\t\t\t<div class=\"elementor-widget-wrap\">\n\t\t\t\t\t\t<div class=\"elementor-element elementor-element-fc95114 elementor-aspect-ratio-169 elementor-widget elementor-widget-video\" data-id=\"fc95114\" data-element_type=\"widget\" data-settings=\"{&quot;video_type&quot;:&quot;vimeo&quot;,&quot;aspect_ratio&quot;:&quot;169&quot;}\" data-widget_type=\"video.default\">\n\t\t\t\t<div class=\"elementor-widget-container\">\n\t\t\t\t\t<div class=\"elementor-wrapper elementor-fit-aspect-ratio elementor-open-inline\">\n\t\t\t<iframe class=\"elementor-video-iframe\" allowfullscreen title=\"vimeo Video Player\" src=\"https:\/\/player.vimeo.com\/video\/141804111?color&amp;autopause=0&amp;loop=0&amp;muted=0&amp;title=0&amp;portrait=0&amp;byline=0#t=\"><\/iframe>\t\t<\/div>\n\t\t\t\t<\/div>\n\t\t\t\t<\/div>\n\t\t\t\t\t\t<\/div>\n\t\t\t\t\t<\/div>\n\t\t<\/div>\n\t\t\t\t\t\t\t\t<\/div>\n\t\t\t\t\t<\/div>\n\t\t<\/section>\n\t\t\t\t<section class=\"elementor-section elementor-top-section elementor-element elementor-element-1e4dbc1f elementor-section-boxed elementor-section-height-default elementor-section-height-default\" data-id=\"1e4dbc1f\" data-element_type=\"section\">\n\t\t\t\t\t\t<div class=\"elementor-container elementor-column-gap-default\">\n\t\t\t\t\t\t\t<div class=\"elementor-row\">\n\t\t\t\t\t<div class=\"elementor-column elementor-col-100 elementor-top-column elementor-element elementor-element-3a1d1bca\" data-id=\"3a1d1bca\" data-element_type=\"column\">\n\t\t\t<div class=\"elementor-column-wrap elementor-element-populated\">\n\t\t\t\t\t\t\t<div class=\"elementor-widget-wrap\">\n\t\t\t\t\t\t<div class=\"elementor-element elementor-element-1053a2c elementor-widget elementor-widget-text-editor\" data-id=\"1053a2c\" data-element_type=\"widget\" data-widget_type=\"text-editor.default\">\n\t\t\t\t<div class=\"elementor-widget-container\">\n\t\t\t\t\t\t\t\t<div class=\"elementor-text-editor elementor-clearfix\">\n\t\t\t\t<p>\u00a0<\/p><p>La vida de las m\u00e1scaras.<\/p><p>Un viaje a trav\u00e9s de im\u00e1genes surgidas a partir de poemas escritos por Marilyn Monroe<\/p><p>Muestra de work in progress en la Plataforma Internacional para la Creaci\u00f3n de teatro musical: escena latinoamericana, Un proyecto del Goethe-Institut y la Bienal de M\u00fanich\/Festival Internacional de Nuevo Teatro Musical. Llevado a cabo en Buenos Aires, Argentina y en Lima, Per\u00fa<\/p><p>Artistas creadores:<\/p><p>Pablo Garret\u00f3n \u2013 Compositor (Chile)<br \/>Alan Poma \u2013 M\u00fasico (Per\u00fa)<br \/>Liliana Albornoz \u2013 artista performer (Per\u00fa)<br \/>Florencia Rodr\u00edguez \u2013 Artista Pl\u00e1stico (Argentina)<br \/>Osias Yanov \u2013 Artista Pl\u00e1stico (Argentina)<\/p>\t\t\t\t\t<\/div>\n\t\t\t\t\t\t<\/div>\n\t\t\t\t<\/div>\n\t\t\t\t\t\t<\/div>\n\t\t\t\t\t<\/div>\n\t\t<\/div>\n\t\t\t\t\t\t\t\t<\/div>\n\t\t\t\t\t<\/div>\n\t\t<\/section>\n\t\t\t\t\t\t\t\t\t<\/div>\n\t\t\t<\/div>\n\t\t\t\t\t<\/div>\n\t\t","protected":false},"excerpt":{"rendered":"<p>https:\/\/vimeo.com\/162310215https:\/\/vimeo.com\/141804111 La vida de las m\u00e1scaras. Un viaje a trav\u00e9s de im\u00e1genes surgidas a partir de poemas escritos por Marilyn Monroe Muestra de work in progress en la Plataforma Internacional para la Creaci\u00f3n de teatro musical: escena latinoamericana, Un proyecto del Goethe-Institut y la Bienal de M\u00fanich\/Festival Internacional de Nuevo Teatro Musical. Llevado a cabo&hellip;&nbsp;<a href=\"https:\/\/www.pablogarreton.com\/?p=184\" class=\"\" rel=\"bookmark\">Read More &raquo;<span class=\"screen-reader-text\">Vida de las ma\u0301scaras &#8211; Plataforma Internacional de teatro musical Goethe Institut. Buenos Aires<\/span><\/a><\/p>\n","protected":false},"author":1,"featured_media":579,"comment_status":"open","ping_status":"open","sticky":false,"template":"","format":"standard","meta":[],"categories":[2],"tags":[],"_links":{"self":[{"href":"https:\/\/www.pablogarreton.com\/index.php?rest_route=\/wp\/v2\/posts\/184"}],"collection":[{"href":"https:\/\/www.pablogarreton.com\/index.php?rest_route=\/wp\/v2\/posts"}],"about":[{"href":"https:\/\/www.pablogarreton.com\/index.php?rest_route=\/wp\/v2\/types\/post"}],"author":[{"embeddable":true,"href":"https:\/\/www.pablogarreton.com\/index.php?rest_route=\/wp\/v2\/users\/1"}],"replies":[{"embeddable":true,"href":"https:\/\/www.pablogarreton.com\/index.php?rest_route=%2Fwp%2Fv2%2Fcomments&post=184"}],"version-history":[{"count":5,"href":"https:\/\/www.pablogarreton.com\/index.php?rest_route=\/wp\/v2\/posts\/184\/revisions"}],"predecessor-version":[{"id":578,"href":"https:\/\/www.pablogarreton.com\/index.php?rest_route=\/wp\/v2\/posts\/184\/revisions\/578"}],"wp:featuredmedia":[{"embeddable":true,"href":"https:\/\/www.pablogarreton.com\/index.php?rest_route=\/wp\/v2\/media\/579"}],"wp:attachment":[{"href":"https:\/\/www.pablogarreton.com\/index.php?rest_route=%2Fwp%2Fv2%2Fmedia&parent=184"}],"wp:term":[{"taxonomy":"category","embeddable":true,"href":"https:\/\/www.pablogarreton.com\/index.php?rest_route=%2Fwp%2Fv2%2Fcategories&post=184"},{"taxonomy":"post_tag","embeddable":true,"href":"https:\/\/www.pablogarreton.com\/index.php?rest_route=%2Fwp%2Fv2%2Ftags&post=184"}],"curies":[{"name":"wp","href":"https:\/\/api.w.org\/{rel}","templated":true}]}}